{"id":958,"date":"2013-07-08T10:56:25","date_gmt":"2013-07-08T10:56:25","guid":{"rendered":"http:\/\/ags.ctfc.cat\/?p=958"},"modified":"2013-07-08T11:10:24","modified_gmt":"2013-07-08T11:10:24","slug":"juliol-2013_nova-publicacio-orgest-models-de-gestio-per-a-les-fagedes","status":"publish","type":"post","link":"https:\/\/ags.ctfc.cat\/?p=958","title":{"rendered":"Juliol 2013_Nova publicaci\u00f3 ORGEST: models de gesti\u00f3 per a les fagedes"},"content":{"rendered":"<p>El Centre de la Propietat Forestal publica un nou volum de la s\u00e8rie ORGEST:<\/p>\n<p><strong>Models de gesti\u00f3 per a les fagedes (<em>Fagus sylvatica <\/em>L.): Producci\u00f3 de fusta.<br \/>\n<\/strong><\/p>\n<p>Tota la informaci\u00f3 del projecte ORGEST es troba disponible al <a title=\"ORGEST\" href=\"http:\/\/www20.gencat.cat\/portal\/site\/DAR\/menuitem.663fd49531c6b1bf6f51ec10b0c0e1a0\/?vgnextoid=2a8b41269d876310VgnVCM1000008d0c1e0aRCRD&amp;vgnextchannel=2a8b41269d876310VgnVCM1000008d0c1e0aRCRD&amp;vgnextfmt=default\" target=\"_blank\">seu web<\/a>. Totes les publicacions disponibles fins al moment es troben en <a href=\"http:\/\/ags.ctfc.cat\/?p=649\" target=\"_self\">aquesta secci\u00f3<\/a> del nostre bloc.<\/p>\n<p><img loading=\"lazy\" decoding=\"async\" src=\"http:\/\/ags.ctfc.cat\/wp-content\/uploads\/blanc.gif\" alt=\"\" width=\"265\" height=\"65\" \/><\/p>\n<p><img loading=\"lazy\" decoding=\"async\" class=\"aligncenter size-full wp-image-960\" src=\"http:\/\/ags.ctfc.cat\/wp-content\/uploads\/Portada_faig_web.jpg\" alt=\"\" width=\"175\" height=\"237\" \/><\/p>\n<p style=\"text-align: center;\"><img loading=\"lazy\" decoding=\"async\" class=\"aligncenter size-full wp-image-965\" src=\"http:\/\/ags.ctfc.cat\/wp-content\/uploads\/FAIG.png\" alt=\"\" width=\"560\" height=\"336\" srcset=\"https:\/\/ags.ctfc.cat\/wp-content\/uploads\/FAIG.png 800w, https:\/\/ags.ctfc.cat\/wp-content\/uploads\/FAIG-300x180.png 300w\" sizes=\"auto, (max-width: 560px) 100vw, 560px\" \/><\/p>\n<p>___________________________________________________________________________<\/p>\n","protected":false},"excerpt":{"rendered":"<p>El Centre de la Propietat Forestal publica un nou volum de la s\u00e8rie ORGEST: Models de gesti\u00f3 per a les fagedes (Fagus sylvatica L.): Producci\u00f3 de fusta. Tota la informaci\u00f3 del projecte ORGEST es troba disponible al seu web. Totes les publicacions disponibles fins al moment es troben en aquesta secci\u00f3 del nostre bloc. ___________________________________________________________________________<\/p>\n","protected":false},"author":2,"featured_media":960,"comment_status":"closed","ping_status":"closed","sticky":false,"template":"","format":"standard","meta":{"_mi_skip_tracking":false,"footnotes":""},"categories":[8],"tags":[],"class_list":["post-958","post","type-post","status-publish","format-standard","has-post-thumbnail","hentry","category-news"],"_links":{"self":[{"href":"https:\/\/ags.ctfc.cat\/index.php?rest_route=\/wp\/v2\/posts\/958","targetHints":{"allow":["GET"]}}],"collection":[{"href":"https:\/\/ags.ctfc.cat\/index.php?rest_route=\/wp\/v2\/posts"}],"about":[{"href":"https:\/\/ags.ctfc.cat\/index.php?rest_route=\/wp\/v2\/types\/post"}],"author":[{"embeddable":true,"href":"https:\/\/ags.ctfc.cat\/index.php?rest_route=\/wp\/v2\/users\/2"}],"replies":[{"embeddable":true,"href":"https:\/\/ags.ctfc.cat\/index.php?rest_route=%2Fwp%2Fv2%2Fcomments&post=958"}],"version-history":[{"count":6,"href":"https:\/\/ags.ctfc.cat\/index.php?rest_route=\/wp\/v2\/posts\/958\/revisions"}],"predecessor-version":[{"id":968,"href":"https:\/\/ags.ctfc.cat\/index.php?rest_route=\/wp\/v2\/posts\/958\/revisions\/968"}],"wp:featuredmedia":[{"embeddable":true,"href":"https:\/\/ags.ctfc.cat\/index.php?rest_route=\/wp\/v2\/media\/960"}],"wp:attachment":[{"href":"https:\/\/ags.ctfc.cat\/index.php?rest_route=%2Fwp%2Fv2%2Fmedia&parent=958"}],"wp:term":[{"taxonomy":"category","embeddable":true,"href":"https:\/\/ags.ctfc.cat\/index.php?rest_route=%2Fwp%2Fv2%2Fcategories&post=958"},{"taxonomy":"post_tag","embeddable":true,"href":"https:\/\/ags.ctfc.cat\/index.php?rest_route=%2Fwp%2Fv2%2Ftags&post=958"}],"curies":[{"name":"wp","href":"https:\/\/api.w.org\/{rel}","templated":true}]}}