{"id":649,"date":"2016-05-27T08:00:30","date_gmt":"2016-05-27T08:00:30","guid":{"rendered":"http:\/\/ags.ctfc.cat\/?p=649"},"modified":"2017-11-06T11:24:00","modified_gmt":"2017-11-06T11:24:00","slug":"orgest-orientacions-de-gestio-forestal-sostenible-de-catalunya-2","status":"publish","type":"post","link":"https:\/\/ags.ctfc.cat\/?p=649","title":{"rendered":"Manuals ORGEST: Orientacions de Gesti\u00f3 Forestal Sostenible de Catalunya"},"content":{"rendered":"<p style=\"text-align: left;\">Les         ORGEST         constitueixen eines t\u00e8cniques d\u2019ajuda a la gesti\u00f3 forestal en el         actual         context de canvi global.<br \/>\nRecullen <strong>elements           de decisi\u00f3<\/strong>, <strong>models           silv\u00edcoles           adaptatius <\/strong>i recomanacions de gesti\u00f3 forestal amb l\u2019<strong>objectiu           preferent de           prevenci\u00f3 d\u2019incendis i posada en valor del boscos <\/strong>de         Catalunya, sota la premissa         d\u2019una gesti\u00f3 forestal sostenible i multifuncional.<\/p>\n<p style=\"text-align: left;\">Tota la informaci\u00f3 es troba disponible <a title=\"Centre de la Propietat Forestal\" href=\"http:\/\/cpf.gencat.cat\/ca\/cpf_03_linies_actuacio\/cpf_transferencia_coneixement\/cpf_orientacions_gestio_forestal_sostenible_catalunya\/\" target=\"_blank\">al web del Centre de la Propietat Forestal<\/a>.<\/p>\n<p style=\"text-align: left;\">Els volums publicats fins ara s\u00f3n:<\/p>\n<ul>\n<li><a title=\"Centre de la Propietat Forestal\" href=\"http:\/\/cpf.gencat.cat\/ca\/detalls\/Article\/0012-ORGEST-Tipologies-forestals-arbrades\" target=\"_blank\">Tipologies Forestals Arbrades<\/a><\/li>\n<li><a title=\"Centre de la Propietat Forestal\" href=\"http:\/\/cpf.gencat.cat\/ca\/detalls\/Article\/ORGEST-parametres_Integracio-del-risc-de-GIF-en-la-GF\" target=\"_blank\">Integraci\u00f3 del risc de Grans Incendis Forestals (GIF) en la gesti\u00f3 forestal<\/a><\/li>\n<li><a title=\"Centre de la Propietat Forestal\" href=\"http:\/\/cpf.gencat.cat\/ca\/detalls\/Article\/0015-ORGEST.-Models-de-gestio-per-als-boscos-de-pi-roig\" target=\"_blank\">Models de gesti\u00f3 per als boscos de pi roig<\/a><\/li>\n<li><a title=\"Centre de la Propietat Forestal\" href=\"http:\/\/cpf.gencat.cat\/ca\/detalls\/Article\/0014-ORGEST-Models-de-gestio-de-Pi-Blanc\" target=\"_blank\">Models de gesti\u00f3 per als boscos de pi blanc<\/a><\/li>\n<li><a title=\"Centre de la Propietat Forestal\" href=\"http:\/\/cpf.gencat.cat\/ca\/detalls\/Article\/0016-ORGEST-Models-de-gestio-per-als-boscos-dalzina-i-carrasca\" target=\"_blank\">Models de gesti\u00f3 per als boscos d&#8217;alzina i carrasca<\/a><\/li>\n<li><a title=\"Centre de la Propietat Forestal\" href=\"http:\/\/cpf.gencat.cat\/ca\/detalls\/Article\/0013-ORGEST.-Models-de-gestio-per-a-boscos-de-roure-de-fulla-petita-i-martinenc\" target=\"_blank\">Models de gesti\u00f3 per als boscos de roure de fulla petita i roure martinenc <\/a><\/li>\n<li><a title=\"Centre de la Propietat Forestal\" href=\"http:\/\/cpf.gencat.cat\/ca\/detalls\/Article\/0012-ORGEST.-Models-de-gestio-per-als-boscos-de-pinassa\" target=\"_blank\">Models de gesti\u00f3 per als boscos de pinassa<\/a><\/li>\n<li><a title=\"Centre de la Propietat Forestal\" href=\"http:\/\/cpf.gencat.cat\/ca\/detalls\/Article\/ORGEST-parametres_Models-de-gestio-per-a-la-produccio-micologica-en-boscos-de-pi-roig\" target=\"_blank\">Models de gesti\u00f3 per a la producci\u00f3 micol\u00f2gica en boscos de pi roig<\/a><\/li>\n<li><a title=\"Centre de la Propietat Forestal\" href=\"http:\/\/cpf.gencat.cat\/ca\/detalls\/Article\/ORGEST-Models-de-gestio-per-als-boscos-de-castanyer\" target=\"_blank\">Models de gesti\u00f3 per als boscos de castanyer<\/a><\/li>\n<li><a title=\"Centre de la Propietat Forestal\" href=\"http:\/\/cpf.gencat.cat\/ca\/detalls\/Article\/ORGEST-Models-de-gestio-per-a-les-fagedes\" target=\"_blank\">Models de gesti\u00f3 per a les fagedes<\/a><\/li>\n<li><a title=\"Centre de la Propietat Forestal\" href=\"http:\/\/cpf.gencat.cat\/ca\/detalls\/Article\/ORGEST-Models-de-gestio-per-a-les-sureres\" target=\"_blank\">Models de gesti\u00f3 per als boscos de surera<\/a><\/li>\n<li><a title=\"Centre de la Propietat Forestal\" href=\"http:\/\/cpf.gencat.cat\/ca\/detalls\/Article\/0015_ORGEST.-Models-de-gestio-per-a-les-plantacions-de-coniferes\" target=\"_blank\">Models de gesti\u00f3 per a les plantacions de con\u00edferes<\/a><\/li>\n<li><a title=\"Centre de la Propietat Forestal\" href=\"http:\/\/cpf.gencat.cat\/ca\/detalls\/Article\/10_Boscos-de-pi-negre\" target=\"_blank\">Boscos de pi negre. Tipologies i models de gesti\u00f3<\/a><\/li>\n<li><a title=\"Centre de la Propietat Forestal\" href=\"http:\/\/cpf.gencat.cat\/ca\/detalls\/Article\/0016_Models-gestio-pi-pinyer\" target=\"_blank\">Models de gesti\u00f3 per a les pinedes de pi pinyer<\/a><\/li>\n<li><a title=\"Centre de la Propietat Forestal\" href=\"http:\/\/cpf.gencat.cat\/ca\/detalls\/Article\/Models_gestio_rouredes_humides\" target=\"_blank\">Models de gesti\u00f3 per als boscos de roure de fulla gran i roure p\u00e8nol, roure reboll i roure afric\u00e0<\/a><\/li>\n<li><a title=\"Centre de la Propietat Forestal\" href=\"http:\/\/cpf.gencat.cat\/ca\/detalls\/Article\/Models_gestio_planifolis\" target=\"_blank\">Models de gesti\u00f3 per als boscos de freixe de fulla gran, bedoll, tr\u00e8mol i avellaner<\/a><\/li>\n<li><a title=\"Centre de la Propietat Forestal\" href=\"http:\/\/cpf.gencat.cat\/ca\/detalls\/Article\/Models-Avet\" target=\"_blank\">Models de gesti\u00f3 per a les avetoses<\/a><\/li>\n<li><a title=\"Centre de la Propietat Forestal\" href=\"http:\/\/cpf.gencat.cat\/ca\/detalls\/Article\/Plantacions-00001\" target=\"_blank\">Plantacions (forestals i agroforestals) de noguera, cirerer i freixe. Requeriments i models de gesti\u00f3<\/a><\/li>\n<\/ul>\n<p style=\"text-align: center;\"><a title=\"Tipologies Forestals Arbrades\" href=\"http:\/\/cpf.gencat.cat\/ca\/detalls\/Article\/0012-ORGEST-Tipologies-forestals-arbrades\" target=\"_blank\"><img loading=\"lazy\" decoding=\"async\" class=\"alignnone size-full wp-image-1137\" title=\"Tipologies forestals arbrades\" src=\"http:\/\/ags.ctfc.cat\/wp-content\/uploads\/20111031_TIPOLOGIES_portada.jpg\" alt=\"\" width=\"177\" height=\"247\" \/><\/a> <a title=\"Integraci\u00f3 del risc de GIFs en la gesti\u00f3 forestal\" href=\"http:\/\/cpf.gencat.cat\/ca\/detalls\/Article\/ORGEST-parametres_Integracio-del-risc-de-GIF-en-la-GF\" target=\"_blank\"><img loading=\"lazy\" decoding=\"async\" class=\"alignnone size-full wp-image-1134\" title=\"Integraci\u00f3 del risc de grans incendis forestals\" src=\"http:\/\/ags.ctfc.cat\/wp-content\/uploads\/20111031_INCENDIS_portada.jpg\" alt=\"\" width=\"177\" height=\"247\" \/><\/a> <a title=\"Models de gesti\u00f3 per als boscos de pi roig\" href=\"http:\/\/cpf.gencat.cat\/ca\/detalls\/Article\/0015-ORGEST.-Models-de-gestio-per-als-boscos-de-pi-roig\" target=\"_blank\"><img loading=\"lazy\" decoding=\"async\" class=\"alignnone size-full wp-image-1136\" title=\"Boscos de pi roig\" src=\"http:\/\/ags.ctfc.cat\/wp-content\/uploads\/20111031_PI-ROIG_portada.jpg\" alt=\"\" width=\"177\" height=\"247\" \/><\/a> <a title=\"Models de gesti\u00f3 per als boscos de pi blanc\" href=\"http:\/\/cpf.gencat.cat\/ca\/detalls\/Article\/0014-ORGEST-Models-de-gestio-de-Pi-Blanc\" target=\"_blank\"><img loading=\"lazy\" decoding=\"async\" class=\"alignnone size-full wp-image-1135\" title=\"Boscos de pi blanc\" src=\"http:\/\/ags.ctfc.cat\/wp-content\/uploads\/20111031_PI-BLANC_portada.jpg\" alt=\"\" width=\"177\" height=\"247\" \/><\/a> <a title=\"Models de gesti\u00f3 per als boscos d'alzina i carrasca\" href=\"http:\/\/cpf.gencat.cat\/ca\/detalls\/Article\/0016-ORGEST-Models-de-gestio-per-als-boscos-dalzina-i-carrasca\" target=\"_blank\"><img loading=\"lazy\" decoding=\"async\" class=\"alignnone size-full wp-image-1138\" title=\"Boscos d'alzina i carrasca\" src=\"http:\/\/ags.ctfc.cat\/wp-content\/uploads\/20111220_ALZINA_portada.jpg\" alt=\"\" width=\"177\" height=\"247\" \/><\/a> <a title=\"Models de gesti\u00f3 per als boscos de roure de fulla petita i roure martinenc\" href=\"http:\/\/cpf.gencat.cat\/ca\/detalls\/Article\/0013-ORGEST.-Models-de-gestio-per-a-boscos-de-roure-de-fulla-petita-i-martinenc\" target=\"_blank\"><img loading=\"lazy\" decoding=\"async\" class=\"alignnone size-full wp-image-1133\" title=\"Boscos de roure de fulla petita i roure martinenc\" src=\"http:\/\/ags.ctfc.cat\/wp-content\/uploads\/Roure_web1.jpg\" alt=\"\" width=\"177\" height=\"247\" \/><\/a> <a title=\"Models de gesti\u00f3 per als boscos de pinassa\" href=\"http:\/\/cpf.gencat.cat\/ca\/detalls\/Article\/0012-ORGEST.-Models-de-gestio-per-als-boscos-de-pinassa\" target=\"_blank\"><img loading=\"lazy\" decoding=\"async\" class=\"alignnone size-full wp-image-1131\" title=\"Boscos de pinassa\" src=\"http:\/\/ags.ctfc.cat\/wp-content\/uploads\/Portada_pinassa_web1.jpg\" alt=\"\" width=\"177\" height=\"247\" \/><\/a> <a title=\"Models de gesti\u00f3 per a la producci\u00f3 micol\u00f2gica en boscos de pi roig\" href=\"http:\/\/cpf.gencat.cat\/ca\/detalls\/Article\/ORGEST-parametres_Models-de-gestio-per-a-la-produccio-micologica-en-boscos-de-pi-roig\" target=\"_blank\"><img loading=\"lazy\" decoding=\"async\" class=\"alignnone size-full wp-image-1169\" src=\"http:\/\/ags.ctfc.cat\/wp-content\/uploads\/Bolets_pi-roig.jpg\" alt=\"\" width=\"177\" height=\"247\" \/><\/a> <a title=\"Models de gesti\u00f3 per als boscos de castanyer\" href=\"http:\/\/cpf.gencat.cat\/ca\/detalls\/Article\/ORGEST-Models-de-gestio-per-als-boscos-de-castanyer\" target=\"_blank\"><img loading=\"lazy\" decoding=\"async\" class=\"alignnone size-full wp-image-1140\" title=\"Boscos de castanyer\" src=\"http:\/\/ags.ctfc.cat\/wp-content\/uploads\/20130314-CASTANYER_portada1.jpg\" alt=\"\" width=\"177\" height=\"247\" \/><\/a> <a title=\"Models de gesti\u00f3 per a les fagedes\" href=\"http:\/\/cpf.gencat.cat\/ca\/detalls\/Article\/ORGEST-Models-de-gestio-per-a-les-fagedes\" target=\"_blank\"><img loading=\"lazy\" decoding=\"async\" class=\"size-full wp-image-1130 alignnone\" title=\"Fagedes\" src=\"http:\/\/ags.ctfc.cat\/wp-content\/uploads\/Portada_faig_web1.jpg\" alt=\"\" width=\"177\" height=\"247\" \/><\/a> <a title=\"Models de gesti\u00f3 per als boscos de surera\" href=\"http:\/\/cpf.gencat.cat\/ca\/detalls\/Article\/ORGEST-Models-de-gestio-per-a-les-sureres\" target=\"_blank\"><img loading=\"lazy\" decoding=\"async\" class=\"alignnone size-full wp-image-1132\" title=\"Boscos de surera\" src=\"http:\/\/ags.ctfc.cat\/wp-content\/uploads\/Portada_suro1.jpg\" alt=\"\" width=\"177\" height=\"247\" \/><\/a> <a title=\"Models de gesti\u00f3 per a les plantacions de con\u00edferes\" href=\"http:\/\/cpf.gencat.cat\/ca\/detalls\/Article\/0015_ORGEST.-Models-de-gestio-per-a-les-plantacions-de-coniferes\" target=\"_blank\"><img loading=\"lazy\" decoding=\"async\" class=\"size-full wp-image-1129 alignnone\" title=\"Plantacions de con\u00edferes\" src=\"http:\/\/ags.ctfc.cat\/wp-content\/uploads\/portada_coniferes_web1.jpg\" alt=\"\" width=\"177\" height=\"247\" \/><\/a> <a title=\"Centre de la Propietat Forestal\" href=\"http:\/\/cpf.gencat.cat\/ca\/detalls\/Article\/10_Boscos-de-pi-negre\" target=\"_blank\"><img loading=\"lazy\" decoding=\"async\" class=\"alignnone size-full wp-image-1185\" title=\"Boscos de pi negre. Tipologies i models de gesti\u00f3.\" src=\"http:\/\/ags.ctfc.cat\/wp-content\/uploads\/PINEGRE1.png\" alt=\"\" width=\"177\" height=\"247\" \/><\/a> <a title=\"Centre de la Propietat Forestal\" href=\"http:\/\/cpf.gencat.cat\/ca\/detalls\/Article\/0016_Models-gestio-pi-pinyer\" target=\"_blank\"><img loading=\"lazy\" decoding=\"async\" class=\"alignnone\" src=\"http:\/\/cpf.gencat.cat\/web\/sites\/cpf\/.content\/or_organismes\/or04_centre_propietat_forestal\/01_organisme\/publicacions\/publicacions_tecniques\/colleccions\/orgest\/models_de_gestio_forestal\/orgest_models_gestio_pi_pinyer\/Img_pi-pinyer_web.jpg_1562334246.jpg\" alt=\"\" width=\"177\" height=\"247\" \/><\/a> <a href=\"http:\/\/ags.ctfc.cat\/wp-content\/uploads\/20151127-Rouredes-humides_portada.jpg\"><img loading=\"lazy\" decoding=\"async\" class=\"aligncenter size-full wp-image-1291\" src=\"http:\/\/ags.ctfc.cat\/wp-content\/uploads\/20151127-Rouredes-humides_portada.jpg\" alt=\"\" width=\"177\" height=\"247\" \/> <\/a> <a href=\"http:\/\/cpf.gencat.cat\/ca\/detalls\/Article\/Models_gestio_planifolis\"><img loading=\"lazy\" decoding=\"async\" class=\"aligncenter size-full wp-image-1292\" src=\"http:\/\/ags.ctfc.cat\/wp-content\/uploads\/20151127-Planifolis_portada.jpg\" alt=\"\" width=\"177\" height=\"247\" \/> <\/a> <a href=\"http:\/\/cpf.gencat.cat\/ca\/detalls\/Article\/Models-Avet\"><img loading=\"lazy\" decoding=\"async\" class=\"aligncenter size-full wp-image-1364\" title=\"Models de gesti\u00f3 per a les avetoses\" src=\"http:\/\/ags.ctfc.cat\/wp-content\/uploads\/Portada_avet_web.jpg\" alt=\"\" width=\"177\" height=\"247\" \/> <\/a><a href=\"http:\/\/cpf.gencat.cat\/ca\/detalls\/Article\/Plantacions-00001\"><img loading=\"lazy\" decoding=\"async\" class=\"aligncenter size-full wp-image-1424\" title=\"ORGEST_Plantacions-frondoses\" src=\"http:\/\/ags.ctfc.cat\/wp-content\/uploads\/ORGEST_Plantacions-frondoses.png\" alt=\"\" width=\"177\" height=\"247\" \/><\/a><\/p>\n<p style=\"text-align: center;\">\n<p style=\"text-align: center;\">\n<p style=\"text-align: center;\"><strong>___________________________________________________________________<br \/>\n<\/strong><\/p>\n","protected":false},"excerpt":{"rendered":"<p>Les ORGEST constitueixen eines t\u00e8cniques d\u2019ajuda a la gesti\u00f3 forestal en el actual context de canvi global. Recullen elements de decisi\u00f3, models silv\u00edcoles adaptatius i recomanacions de gesti\u00f3 forestal amb l\u2019objectiu preferent de prevenci\u00f3 d\u2019incendis i posada en valor del boscos de Catalunya, sota la premissa d\u2019una gesti\u00f3 forestal sostenible i multifuncional. Tota la informaci\u00f3 &#8230; <a title=\"Manuals ORGEST: Orientacions de Gesti\u00f3 Forestal Sostenible de Catalunya\" class=\"read-more\" href=\"https:\/\/ags.ctfc.cat\/?p=649\" aria-label=\"M\u00e9s sobre Manuals ORGEST: Orientacions de Gesti\u00f3 Forestal Sostenible de Catalunya\">Llegiu m\u00e9s<\/a><\/p>\n","protected":false},"author":2,"featured_media":1170,"comment_status":"closed","ping_status":"closed","sticky":false,"template":"","format":"standard","meta":{"_mi_skip_tracking":false,"footnotes":""},"categories":[11],"tags":[],"class_list":["post-649","post","type-post","status-publish","format-standard","has-post-thumbnail","hentry","category-orgest"],"_links":{"self":[{"href":"https:\/\/ags.ctfc.cat\/index.php?rest_route=\/wp\/v2\/posts\/649","targetHints":{"allow":["GET"]}}],"collection":[{"href":"https:\/\/ags.ctfc.cat\/index.php?rest_route=\/wp\/v2\/posts"}],"about":[{"href":"https:\/\/ags.ctfc.cat\/index.php?rest_route=\/wp\/v2\/types\/post"}],"author":[{"embeddable":true,"href":"https:\/\/ags.ctfc.cat\/index.php?rest_route=\/wp\/v2\/users\/2"}],"replies":[{"embeddable":true,"href":"https:\/\/ags.ctfc.cat\/index.php?rest_route=%2Fwp%2Fv2%2Fcomments&post=649"}],"version-history":[{"count":61,"href":"https:\/\/ags.ctfc.cat\/index.php?rest_route=\/wp\/v2\/posts\/649\/revisions"}],"predecessor-version":[{"id":720,"href":"https:\/\/ags.ctfc.cat\/index.php?rest_route=\/wp\/v2\/posts\/649\/revisions\/720"}],"wp:featuredmedia":[{"embeddable":true,"href":"https:\/\/ags.ctfc.cat\/index.php?rest_route=\/wp\/v2\/media\/1170"}],"wp:attachment":[{"href":"https:\/\/ags.ctfc.cat\/index.php?rest_route=%2Fwp%2Fv2%2Fmedia&parent=649"}],"wp:term":[{"taxonomy":"category","embeddable":true,"href":"https:\/\/ags.ctfc.cat\/index.php?rest_route=%2Fwp%2Fv2%2Fcategories&post=649"},{"taxonomy":"post_tag","embeddable":true,"href":"https:\/\/ags.ctfc.cat\/index.php?rest_route=%2Fwp%2Fv2%2Ftags&post=649"}],"curies":[{"name":"wp","href":"https:\/\/api.w.org\/{rel}","templated":true}]}}