{"id":322,"date":"2010-10-07T10:29:45","date_gmt":"2010-10-07T10:29:45","guid":{"rendered":"http:\/\/ags.ctfc.cat\/?p=322"},"modified":"2022-07-28T10:19:31","modified_gmt":"2022-07-28T10:19:31","slug":"participation-in-research-contracts-with-companies-andor-private-or-public-funding-bodies","status":"publish","type":"post","link":"https:\/\/ags.ctfc.cat\/?p=322","title":{"rendered":"Applied projects and contracts"},"content":{"rendered":"<table style=\"height: 15px;\" width=\"600\" border=\"0\">\n<tbody>\n<tr>\n<td style=\"text-align: center;\" width=\"88\"><img loading=\"lazy\" decoding=\"async\" class=\"aligncenter size-full wp-image-1107\" src=\"http:\/\/ags.ctfc.cat\/wp-content\/uploads\/2011-Agroforestal_150-125.png\" alt=\"\" width=\"150\" height=\"125\"><\/td>\n<td width=\"356\">2011-2016. Sistemes agroforestals a Catalunya: innovaci\u00f3 d\u2019esquemes  productius per a la diversificaci\u00f3 de rendes &#8211; &nbsp;experi\u00e8ncia pilot a Llu\u00e7\u00e0 i Sag\u00e0s.  Departament d\u2019Agricultura. IP: Coello, J. CTFC: Ta\u00fcll, M., Mor\u00e9, E., Codina, M.,  Fanlo, M.<\/td>\n<\/tr>\n<tr>\n<td style=\"text-align: center;\" width=\"88\"><img loading=\"lazy\" decoding=\"async\" class=\"aligncenter size-full wp-image-1108\" src=\"http:\/\/ags.ctfc.cat\/wp-content\/uploads\/Intro-fr-II_150-125.png\" alt=\"\" width=\"150\" height=\"125\"><\/td>\n<td style=\"text-align: left;\" width=\"356\">2007-2011. Introducci\u00f3 de frondoses nobles per a la producci\u00f3 de fusta de qualitat. Fase II: Seguiment de plantacions experimentals i establiment de noves experi\u00e8ncies. Centre de la Propietat Forestal, GENCAT. IP: Piqu\u00e9, M. CTFC: Coello, J.<\/td>\n<\/tr>\n<tr>\n<td style=\"text-align: center;\" width=\"88\"><a href=\"http:\/\/cpf.gencat.cat\/ca\/cpf_03_linies_actuacio\/cpf_transferencia_coneixement\/cpf_orientacions_gestio_forestal_sostenible_catalunya\/\"><img loading=\"lazy\" decoding=\"async\" class=\"aligncenter size-full wp-image-1109\" src=\"http:\/\/ags.ctfc.cat\/wp-content\/uploads\/ORGEST_150-125.png\" alt=\"\" width=\"150\" height=\"125\"><\/a><\/td>\n<td style=\"text-align: left;\" width=\"356\">2007-2011. <a href=\"http:\/\/cpf.gencat.cat\/ca\/cpf_03_linies_actuacio\/cpf_transferencia_coneixement\/cpf_orientacions_gestio_forestal_sostenible_catalunya\/\" target=\"_blank\" rel=\"noopener\">ORGEST Orientacions de gesti\u00f3 sostenible i multifuncional per als boscos de Catalunya<\/a>. Centre de la Propietat Forestal, GENCAT. IP: Piqu\u00e9, M. CTFC: Vericat, P., Beltr\u00e1n, M., Valor, T.<\/td>\n<\/tr>\n<tr>\n<td style=\"text-align: center;\" width=\"88\"><img loading=\"lazy\" decoding=\"async\" class=\"aligncenter size-full wp-image-1110\" src=\"http:\/\/ags.ctfc.cat\/wp-content\/uploads\/Seguiment-Cs_150-125.png\" alt=\"\" width=\"150\" height=\"125\"><\/td>\n<td style=\"text-align: left;\" width=\"356\">2005-2010. Desenvolupament d\u2019un programa de seguiment i valoraci\u00f3 econ\u00f2mica dels treballs de millora del castanyer. Diputaci\u00f3 de Barcelona. IP: Piqu\u00e9, M. CTFC: Vericat, P., Rodr\u00edguez, J., Navarro, P.J.<\/td>\n<\/tr>\n<tr>\n<td style=\"text-align: center;\" width=\"88\"><img loading=\"lazy\" decoding=\"async\" class=\"aligncenter size-full wp-image-1112\" src=\"http:\/\/ags.ctfc.cat\/wp-content\/uploads\/Cultiu-frondoses-I_150-125.png\" alt=\"\" width=\"150\" height=\"125\"><\/td>\n<td style=\"text-align: left;\" width=\"356\">2009. Camp experimental per a la producci\u00f3 i aprofitament de cultius llenyosos energ\u00e8tics i frondoses nobles &#8211; Fase I: Disseny experimental. Departament de Medi Ambient i Habitatge, GENCAT. IP: Rodr\u00edguez, J. CTFC: Coello, J., Piqu\u00e9, M., L\u00f3pez, I.<\/td>\n<\/tr>\n<tr>\n<td style=\"text-align: center;\" width=\"88\"><img loading=\"lazy\" decoding=\"async\" class=\"aligncenter size-full wp-image-1113\" src=\"http:\/\/ags.ctfc.cat\/wp-content\/uploads\/Instrucc-ordena_150-125.png\" alt=\"\" width=\"150\" height=\"125\"><\/td>\n<td style=\"text-align: left;\" width=\"356\">2009. Dinamitzaci\u00f3 i revisi\u00f3 de la proposta d\u2019instruccions d\u2019ordenaci\u00f3 forestal a Catalunya. Departament de Medi Ambient i Habitatge, GENCAT. IP: Vericat, P., Garcia, O. CTFC: Piqu\u00e9, M.<\/td>\n<\/tr>\n<tr>\n<td style=\"text-align: center;\" width=\"88\"><img loading=\"lazy\" decoding=\"async\" class=\"aligncenter size-full wp-image-1114\" src=\"http:\/\/ags.ctfc.cat\/wp-content\/uploads\/Riberes_150-125.png\" alt=\"\" width=\"150\" height=\"125\"><\/td>\n<td style=\"text-align: left;\" width=\"356\">2009. Pla de Producci\u00f3 de les Riberes de Lleida. Departament de Medi Ambient i Habitatge, GENCAT. IP: Vericat, P. CTFC: Coello, J., Piqu\u00e9, M.<\/td>\n<\/tr>\n<tr>\n<td style=\"text-align: center;\" width=\"88\"><img loading=\"lazy\" decoding=\"async\" class=\"aligncenter size-full wp-image-1115\" src=\"http:\/\/ags.ctfc.cat\/wp-content\/uploads\/Driada_150-125.png\" alt=\"\" width=\"150\" height=\"125\"><\/td>\n<td style=\"text-align: left;\" width=\"356\">2009. Assaig de DR\u00cdADA. Software per a la gesti\u00f3 d\u2019inventaris i la planificaci\u00f3 forestal. Servei de Gesti\u00f3 Forestal, DMAH, GENCAT. Acci\u00f3 10 Addenda 2009. IP: Vericat, P. CTFC: Obon, B., Piqu\u00e9, M.<\/td>\n<\/tr>\n<tr>\n<td style=\"text-align: center;\" width=\"88\"><img loading=\"lazy\" decoding=\"async\" class=\"aligncenter size-full wp-image-1117\" src=\"http:\/\/ags.ctfc.cat\/wp-content\/uploads\/Pyrenaica-gestio_150-125.png\" alt=\"\" width=\"150\" height=\"125\"><\/td>\n<td style=\"text-align: left;\" width=\"356\">2008-2009. Gesti\u00f3 de <em>Quercus pyrenaica<\/em> a les muntanyes de Prades mitjan\u00e7ant l\u2019agrupaci\u00f3 de petits propietaris forestals. Departament de Medi Ambient i Habitatge, GENCAT. IP: Garc\u00eda, M. CTFC: Vericat, P., Garc\u00eda, O., Dom\u00ednguez, G., Vi\u00f1as, P., Piqu\u00e9, M., Busquet, S., Navarro, S., Mart\u00edn, S.<\/td>\n<\/tr>\n<tr>\n<td style=\"text-align: center;\" width=\"88\"><img loading=\"lazy\" decoding=\"async\" class=\"aligncenter size-full wp-image-1118\" src=\"http:\/\/ags.ctfc.cat\/wp-content\/uploads\/Innominada_150-125.png\" alt=\"\" width=\"150\" height=\"125\"><\/td>\n<td style=\"text-align: left;\" width=\"356\">2008-2009. Projecte d\u2019ordenaci\u00f3 per rodals de la forest \u201cla Innominada d\u2019Alp\u201d. Ajuntament d\u2019Alp (Cerdanya). IP: Beltr\u00e1n, M. CTFC: Piqu\u00e9, M.<\/td>\n<\/tr>\n<tr>\n<td style=\"text-align: center;\" width=\"88\"><img loading=\"lazy\" decoding=\"async\" class=\"aligncenter size-full wp-image-1119\" src=\"http:\/\/ags.ctfc.cat\/wp-content\/uploads\/Bonrepos_150-125.png\" alt=\"\" width=\"150\" height=\"125\"><\/td>\n<td style=\"text-align: left;\" width=\"356\">2006-2009. Gesti\u00f3 forestal a la forest \u201cBon Rep\u00f3s\u201d (Lleida). Realitzaci\u00f3 d\u2019actuacions silv\u00edcoles de millora i de prevenci\u00f3 d\u2019incendis, planificades en el projecte d\u2019ordenaci\u00f3 forestal i transfer\u00e8ncia de resultats. Diputaci\u00f3 de Lleida. IP: Vericat, P. CTFC: Piqu\u00e9, M.<\/td>\n<\/tr>\n<\/tbody>\n<\/table>\n<p><img loading=\"lazy\" decoding=\"async\" class=\"alignnone size-full wp-image-126\" src=\"http:\/\/ags.ctfc.cat\/wp-content\/uploads\/ms_1.jpg\" alt=\"\" width=\"600\" height=\"84\" srcset=\"https:\/\/ags.ctfc.cat\/wp-content\/uploads\/ms_1.jpg 600w, https:\/\/ags.ctfc.cat\/wp-content\/uploads\/ms_1-300x42.jpg 300w\" sizes=\"auto, (max-width: 600px) 100vw, 600px\" \/><\/p>\n<p>___________________________________________________________________________<\/p>\n","protected":false},"excerpt":{"rendered":"<p>2011-2016. Sistemes agroforestals a Catalunya: innovaci\u00f3 d\u2019esquemes productius per a la diversificaci\u00f3 de rendes &#8211; &nbsp;experi\u00e8ncia pilot a Llu\u00e7\u00e0 i Sag\u00e0s. Departament d\u2019Agricultura. IP: Coello, J. CTFC: Ta\u00fcll, M., Mor\u00e9, E., Codina, M., Fanlo, M. 2007-2011. Introducci\u00f3 de frondoses nobles per a la producci\u00f3 de fusta de qualitat. Fase II: Seguiment de plantacions experimentals i &#8230; <a title=\"Applied projects and contracts\" class=\"read-more\" href=\"https:\/\/ags.ctfc.cat\/?p=322\" aria-label=\"M\u00e9s sobre Applied projects and contracts\">Llegiu m\u00e9s<\/a><\/p>\n","protected":false},"author":2,"featured_media":1119,"comment_status":"closed","ping_status":"closed","sticky":false,"template":"","format":"standard","meta":{"_mi_skip_tracking":false,"footnotes":""},"categories":[4],"tags":[],"class_list":["post-322","post","type-post","status-publish","format-standard","has-post-thumbnail","hentry","category-projects"],"_links":{"self":[{"href":"https:\/\/ags.ctfc.cat\/index.php?rest_route=\/wp\/v2\/posts\/322","targetHints":{"allow":["GET"]}}],"collection":[{"href":"https:\/\/ags.ctfc.cat\/index.php?rest_route=\/wp\/v2\/posts"}],"about":[{"href":"https:\/\/ags.ctfc.cat\/index.php?rest_route=\/wp\/v2\/types\/post"}],"author":[{"embeddable":true,"href":"https:\/\/ags.ctfc.cat\/index.php?rest_route=\/wp\/v2\/users\/2"}],"replies":[{"embeddable":true,"href":"https:\/\/ags.ctfc.cat\/index.php?rest_route=%2Fwp%2Fv2%2Fcomments&post=322"}],"version-history":[{"count":46,"href":"https:\/\/ags.ctfc.cat\/index.php?rest_route=\/wp\/v2\/posts\/322\/revisions"}],"predecessor-version":[{"id":1662,"href":"https:\/\/ags.ctfc.cat\/index.php?rest_route=\/wp\/v2\/posts\/322\/revisions\/1662"}],"wp:featuredmedia":[{"embeddable":true,"href":"https:\/\/ags.ctfc.cat\/index.php?rest_route=\/wp\/v2\/media\/1119"}],"wp:attachment":[{"href":"https:\/\/ags.ctfc.cat\/index.php?rest_route=%2Fwp%2Fv2%2Fmedia&parent=322"}],"wp:term":[{"taxonomy":"category","embeddable":true,"href":"https:\/\/ags.ctfc.cat\/index.php?rest_route=%2Fwp%2Fv2%2Fcategories&post=322"},{"taxonomy":"post_tag","embeddable":true,"href":"https:\/\/ags.ctfc.cat\/index.php?rest_route=%2Fwp%2Fv2%2Ftags&post=322"}],"curies":[{"name":"wp","href":"https:\/\/api.w.org\/{rel}","templated":true}]}}