{"id":1333,"date":"2016-01-20T12:31:50","date_gmt":"2016-01-20T12:31:50","guid":{"rendered":"http:\/\/ags.ctfc.cat\/?p=1333"},"modified":"2016-01-20T12:31:50","modified_gmt":"2016-01-20T12:31:50","slug":"desembre-2015_nou-article-experiencies-de-restauracio-forestal-al-sud-deuropa","status":"publish","type":"post","link":"https:\/\/ags.ctfc.cat\/?p=1333","title":{"rendered":"Desembre 2015_Nou article: Experi\u00e8ncies de restauraci\u00f3 forestal al sud d&#8217;Europa"},"content":{"rendered":"<p>Unasylva publica un article de Jaime Coello, Jordi Cordina, Alejandro Valdecantos i Elsa Varela en el qual es descriuen els principals reptes i t\u00e8cniques de restauraci\u00f3 forestal al sud d&#8217;Europa. A l&#8217;article es presenten algunes iniciatives destacades, com ara el projecte <a href=\"http:\/\/www.sustaffor.eu\/\">Sustaffor<\/a>. <a href=\"http:\/\/www.fao.org\/3\/a-i5212e.pdf\">Enlla\u00e7 <\/a>al n\u00famero complet de la revista<\/p>\n<ul>\n<li>Coello, J., Cortina, J., Valdecantos, A., Varela, E. 2015. <a href=\"http:\/\/www.sustaffor.eu\/wp-content\/uploads\/2013\/12\/Coello-et-al-2015_Unasylva-245.pdf\">Forest landscape restoration experiences in southern Europe: sustainable techniques<\/a>\n<div id=\"_mcePaste\"><a href=\"http:\/\/www.sustaffor.eu\/wp-content\/uploads\/2013\/12\/Coello-et-al-2015_Unasylva-245.pdf\">for enhancing early tree performance<\/a>. Unasylva, 245, 66(3): 82-90<\/div>\n<\/li>\n<\/ul>\n","protected":false},"excerpt":{"rendered":"<p>Unasylva publica un article de Jaime Coello, Jordi Cordina, Alejandro Valdecantos i Elsa Varela en el qual es descriuen els principals reptes i t\u00e8cniques de restauraci\u00f3 forestal al sud d&#8217;Europa. A l&#8217;article es presenten algunes iniciatives destacades, com ara el projecte Sustaffor. Enlla\u00e7 al n\u00famero complet de la revista Coello, J., Cortina, J., Valdecantos, A., &#8230; <a title=\"Desembre 2015_Nou article: Experi\u00e8ncies de restauraci\u00f3 forestal al sud d&#8217;Europa\" class=\"read-more\" href=\"https:\/\/ags.ctfc.cat\/?p=1333\" aria-label=\"M\u00e9s sobre Desembre 2015_Nou article: Experi\u00e8ncies de restauraci\u00f3 forestal al sud d&#8217;Europa\">Llegiu m\u00e9s<\/a><\/p>\n","protected":false},"author":2,"featured_media":0,"comment_status":"closed","ping_status":"closed","sticky":false,"template":"","format":"standard","meta":{"_mi_skip_tracking":false,"footnotes":""},"categories":[8],"tags":[],"class_list":["post-1333","post","type-post","status-publish","format-standard","hentry","category-news"],"_links":{"self":[{"href":"https:\/\/ags.ctfc.cat\/index.php?rest_route=\/wp\/v2\/posts\/1333","targetHints":{"allow":["GET"]}}],"collection":[{"href":"https:\/\/ags.ctfc.cat\/index.php?rest_route=\/wp\/v2\/posts"}],"about":[{"href":"https:\/\/ags.ctfc.cat\/index.php?rest_route=\/wp\/v2\/types\/post"}],"author":[{"embeddable":true,"href":"https:\/\/ags.ctfc.cat\/index.php?rest_route=\/wp\/v2\/users\/2"}],"replies":[{"embeddable":true,"href":"https:\/\/ags.ctfc.cat\/index.php?rest_route=%2Fwp%2Fv2%2Fcomments&post=1333"}],"version-history":[{"count":1,"href":"https:\/\/ags.ctfc.cat\/index.php?rest_route=\/wp\/v2\/posts\/1333\/revisions"}],"predecessor-version":[{"id":1334,"href":"https:\/\/ags.ctfc.cat\/index.php?rest_route=\/wp\/v2\/posts\/1333\/revisions\/1334"}],"wp:attachment":[{"href":"https:\/\/ags.ctfc.cat\/index.php?rest_route=%2Fwp%2Fv2%2Fmedia&parent=1333"}],"wp:term":[{"taxonomy":"category","embeddable":true,"href":"https:\/\/ags.ctfc.cat\/index.php?rest_route=%2Fwp%2Fv2%2Fcategories&post=1333"},{"taxonomy":"post_tag","embeddable":true,"href":"https:\/\/ags.ctfc.cat\/index.php?rest_route=%2Fwp%2Fv2%2Ftags&post=1333"}],"curies":[{"name":"wp","href":"https:\/\/api.w.org\/{rel}","templated":true}]}}