{"id":1297,"date":"2015-11-27T07:00:51","date_gmt":"2015-11-27T07:00:51","guid":{"rendered":"http:\/\/ags.ctfc.cat\/?p=1297"},"modified":"2016-01-12T11:34:28","modified_gmt":"2016-01-12T11:34:28","slug":"novembre-2014_noves-publicacions-orgest-models-de-gestio-per-a-rouredes-humides-i-planifolis-de-muntanya","status":"publish","type":"post","link":"https:\/\/ags.ctfc.cat\/?p=1297","title":{"rendered":"Novembre 2015_Noves publicacions ORGEST: Models de gesti\u00f3 per a rouredes humides i planifolis de muntanya"},"content":{"rendered":"<p><a href=\"http:\/\/ags.ctfc.cat\/wp-content\/uploads\/20151127-Planifolis_portada.jpg\"><\/a>El Centre de la Propietat Forestal publica dos nous volums de la s\u00e8rie ORGEST:<\/p>\n<ul>\n<li><a title=\"Centre de la Propietat Forestal\" href=\"http:\/\/cpf.gencat.cat\/ca\/detalls\/Article\/Models_gestio_rouredes_humides\" target=\"_blank\">Models de gesti\u00f3 per als boscos de roure de fulla gran i roure p\u00e8nol, roure reboll i roure afric\u00e0<\/a><\/li>\n<li><a title=\"Centre de la Propietat Forestal\" href=\"http:\/\/cpf.gencat.cat\/ca\/detalls\/Article\/Models_gestio_planifolis\" target=\"_blank\">Models de gesti\u00f3 per als boscos de freixe de fulla gran, bedoll, tr\u00e8mol i avellaner<\/a><\/li>\n<\/ul>\n<p>Tota la informaci\u00f3 del projecte ORGEST es troba disponible al\u00a0<a title=\"Centre de la Propietat Forestal\" href=\"http:\/\/cpf.gencat.cat\/ca\/cpf_03_linies_actuacio\/cpf_transferencia_coneixement\/cpf_orientacions_gestio_forestal_sostenible_catalunya\/\" target=\"_blank\">seu web<\/a>.<\/p>\n<p>Tots els manuals de gesti\u00f3 ORGEST disponibles fins al moment es troben en\u00a0<a href=\"http:\/\/ags.ctfc.cat\/?p=649\" target=\"_self\">aquesta secci\u00f3<\/a> del nostre bloc.<\/p>\n<p><img loading=\"lazy\" decoding=\"async\" src=\"http:\/\/ags.ctfc.cat\/wp-content\/uploads\/blanc.gif\" alt=\"\" width=\"265\" height=\"65\" \/><\/p>\n<p style=\"text-align: center;\"><a href=\"http:\/\/cpf.gencat.cat\/ca\/detalls\/Article\/Models_gestio_planifolis\"><img loading=\"lazy\" decoding=\"async\" src=\"http:\/\/ags.ctfc.cat\/wp-content\/uploads\/20151127-Planifolis_portada.jpg\" alt=\"\" width=\"181\" height=\"250\" \/><\/a> <a href=\"http:\/\/cpf.gencat.cat\/ca\/detalls\/Article\/Models_gestio_rouredes_humides\"><img loading=\"lazy\" decoding=\"async\" class=\"aligncenter size-full wp-image-1291\" src=\"http:\/\/ags.ctfc.cat\/wp-content\/uploads\/20151127-Rouredes-humides_portada.jpg\" alt=\"\" width=\"181\" height=\"250\" \/><\/a><\/p>\n<p style=\"text-align: center;\"><img loading=\"lazy\" decoding=\"async\" class=\"aligncenter size-medium wp-image-1302\" src=\"http:\/\/ags.ctfc.cat\/wp-content\/uploads\/PLANIFOLIS-ROURES-300x191.png\" alt=\"\" width=\"400\" height=\"291\" \/><\/p>\n","protected":false},"excerpt":{"rendered":"<p>El Centre de la Propietat Forestal publica dos nous volums de la s\u00e8rie ORGEST: Models de gesti\u00f3 per als boscos de roure de fulla gran i roure p\u00e8nol, roure reboll i roure afric\u00e0 Models de gesti\u00f3 per als boscos de freixe de fulla gran, bedoll, tr\u00e8mol i avellaner Tota la informaci\u00f3 del projecte ORGEST es &#8230; <a title=\"Novembre 2015_Noves publicacions ORGEST: Models de gesti\u00f3 per a rouredes humides i planifolis de muntanya\" class=\"read-more\" href=\"https:\/\/ags.ctfc.cat\/?p=1297\" aria-label=\"M\u00e9s sobre Novembre 2015_Noves publicacions ORGEST: Models de gesti\u00f3 per a rouredes humides i planifolis de muntanya\">Llegiu m\u00e9s<\/a><\/p>\n","protected":false},"author":2,"featured_media":1291,"comment_status":"closed","ping_status":"closed","sticky":false,"template":"","format":"standard","meta":{"_mi_skip_tracking":false,"footnotes":""},"categories":[8],"tags":[],"class_list":["post-1297","post","type-post","status-publish","format-standard","has-post-thumbnail","hentry","category-news"],"_links":{"self":[{"href":"https:\/\/ags.ctfc.cat\/index.php?rest_route=\/wp\/v2\/posts\/1297","targetHints":{"allow":["GET"]}}],"collection":[{"href":"https:\/\/ags.ctfc.cat\/index.php?rest_route=\/wp\/v2\/posts"}],"about":[{"href":"https:\/\/ags.ctfc.cat\/index.php?rest_route=\/wp\/v2\/types\/post"}],"author":[{"embeddable":true,"href":"https:\/\/ags.ctfc.cat\/index.php?rest_route=\/wp\/v2\/users\/2"}],"replies":[{"embeddable":true,"href":"https:\/\/ags.ctfc.cat\/index.php?rest_route=%2Fwp%2Fv2%2Fcomments&post=1297"}],"version-history":[{"count":7,"href":"https:\/\/ags.ctfc.cat\/index.php?rest_route=\/wp\/v2\/posts\/1297\/revisions"}],"predecessor-version":[{"id":1301,"href":"https:\/\/ags.ctfc.cat\/index.php?rest_route=\/wp\/v2\/posts\/1297\/revisions\/1301"}],"wp:featuredmedia":[{"embeddable":true,"href":"https:\/\/ags.ctfc.cat\/index.php?rest_route=\/wp\/v2\/media\/1291"}],"wp:attachment":[{"href":"https:\/\/ags.ctfc.cat\/index.php?rest_route=%2Fwp%2Fv2%2Fmedia&parent=1297"}],"wp:term":[{"taxonomy":"category","embeddable":true,"href":"https:\/\/ags.ctfc.cat\/index.php?rest_route=%2Fwp%2Fv2%2Fcategories&post=1297"},{"taxonomy":"post_tag","embeddable":true,"href":"https:\/\/ags.ctfc.cat\/index.php?rest_route=%2Fwp%2Fv2%2Ftags&post=1297"}],"curies":[{"name":"wp","href":"https:\/\/api.w.org\/{rel}","templated":true}]}}