{"id":1183,"date":"2014-12-02T15:00:45","date_gmt":"2014-12-02T15:00:45","guid":{"rendered":"http:\/\/ags.ctfc.cat\/?p=1183"},"modified":"2014-12-11T09:15:08","modified_gmt":"2014-12-11T09:15:08","slug":"desembre-2014_nova-publicacio-orgest-boscos-de-pi-negre-tipologies-i-models-de-gestio","status":"publish","type":"post","link":"https:\/\/ags.ctfc.cat\/?p=1183","title":{"rendered":"Desembre 2014_Nova publicaci\u00f3 ORGEST: boscos de pi negre. Tipologies i models de gesti\u00f3"},"content":{"rendered":"<p>El Centre de la Propietat Forestal publica un nou volum de la s\u00e8rie ORGEST, com a part de la col\u00b7lecci\u00f3 de fitxes t\u00e8cniques V Esp\u00e8cies i silvicultura:<\/p>\n<p><strong>Boscos de pi negre. Tipologies i models de gesti\u00f3.<br \/>\n<\/strong><\/p>\n<p>Aquesta publicaci\u00f3 complementa a la <em><a title=\"FiDBosc\" href=\"http:\/\/fidbosc.ctfc.cat\/docs\/GUIA_GESTION_Version_ES_Baja.pdf\" target=\"_self\">Gu\u00eda de selvicultura del pino negro en el Pirineo<\/a><\/em> realitzada en el marc del projecte<a title=\"GEIE Forespir\" href=\"http:\/\/www.unciplus.eu\/\" target=\"_blank\"> UNCI&#8217;PLUS <\/a>(poctefa) en 2012.<\/p>\n<p>Tota la informaci\u00f3 del projecte ORGEST es troba disponible al\u00a0<a title=\"ORGEST\" href=\"http:\/\/www20.gencat.cat\/portal\/site\/DAR\/menuitem.663fd49531c6b1bf6f51ec10b0c0e1a0\/?vgnextoid=2a8b41269d876310VgnVCM1000008d0c1e0aRCRD&amp;vgnextchannel=2a8b41269d876310VgnVCM1000008d0c1e0aRCRD&amp;vgnextfmt=default\" target=\"_blank\">seu web<\/a> i tamb\u00e9 totes les <a title=\"Centre de la Propietat Forestal\" href=\"http:\/\/cpf.gencat.cat\/ca\/cpf_01_organisme\/cpf_publicacions\/cpf_colleccions\/cpf_fitxes_tecniques\/cpf_especies_silvicultura\/\" target=\"_blank\">fitxes t\u00e8cniques de la col\u00b7lecci\u00f3<\/a>. Totes les publicacions disponibles fins al moment es troben en\u00a0<a href=\"http:\/\/ags.ctfc.cat\/?p=649\" target=\"_self\">aquesta secci\u00f3<\/a> del nostre bloc.<\/p>\n<p><img loading=\"lazy\" decoding=\"async\" class=\"alignnone size-full wp-image-515\" src=\"http:\/\/ags.ctfc.cat\/wp-content\/uploads\/blanc.gif\" alt=\"\" width=\"265\" height=\"65\" \/><\/p>\n<p><a href=\"http:\/\/cpf.gencat.cat\/ca\/detalls\/Article\/10_Boscos-de-pi-negre\"><img loading=\"lazy\" decoding=\"async\" class=\"alignnone size-full wp-image-1185\" title=\"Boscos de pi negre. Tipologies i models de gesti\u00f3.\" src=\"http:\/\/ags.ctfc.cat\/wp-content\/uploads\/PINEGRE1.png\" alt=\"\" width=\"195\" height=\"264\" \/><\/a><\/p>\n<p><img loading=\"lazy\" decoding=\"async\" class=\"alignnone size-full wp-image-1184\" src=\"http:\/\/ags.ctfc.cat\/wp-content\/uploads\/PINEGRE.png\" alt=\"\" width=\"488\" height=\"275\" srcset=\"https:\/\/ags.ctfc.cat\/wp-content\/uploads\/PINEGRE.png 813w, https:\/\/ags.ctfc.cat\/wp-content\/uploads\/PINEGRE-300x169.png 300w\" sizes=\"auto, (max-width: 488px) 100vw, 488px\" \/><\/p>\n<p>___________________________________________________________________________<\/p>\n","protected":false},"excerpt":{"rendered":"<p>El Centre de la Propietat Forestal publica un nou volum de la s\u00e8rie ORGEST, com a part de la col\u00b7lecci\u00f3 de fitxes t\u00e8cniques V Esp\u00e8cies i silvicultura: Boscos de pi negre. Tipologies i models de gesti\u00f3. Aquesta publicaci\u00f3 complementa a la Gu\u00eda de selvicultura del pino negro en el Pirineo realitzada en el marc del &#8230; <a title=\"Desembre 2014_Nova publicaci\u00f3 ORGEST: boscos de pi negre. Tipologies i models de gesti\u00f3\" class=\"read-more\" href=\"https:\/\/ags.ctfc.cat\/?p=1183\" aria-label=\"M\u00e9s sobre Desembre 2014_Nova publicaci\u00f3 ORGEST: boscos de pi negre. Tipologies i models de gesti\u00f3\">Llegiu m\u00e9s<\/a><\/p>\n","protected":false},"author":2,"featured_media":1185,"comment_status":"closed","ping_status":"closed","sticky":false,"template":"","format":"standard","meta":{"_mi_skip_tracking":false,"footnotes":""},"categories":[8],"tags":[],"class_list":["post-1183","post","type-post","status-publish","format-standard","has-post-thumbnail","hentry","category-news"],"_links":{"self":[{"href":"https:\/\/ags.ctfc.cat\/index.php?rest_route=\/wp\/v2\/posts\/1183","targetHints":{"allow":["GET"]}}],"collection":[{"href":"https:\/\/ags.ctfc.cat\/index.php?rest_route=\/wp\/v2\/posts"}],"about":[{"href":"https:\/\/ags.ctfc.cat\/index.php?rest_route=\/wp\/v2\/types\/post"}],"author":[{"embeddable":true,"href":"https:\/\/ags.ctfc.cat\/index.php?rest_route=\/wp\/v2\/users\/2"}],"replies":[{"embeddable":true,"href":"https:\/\/ags.ctfc.cat\/index.php?rest_route=%2Fwp%2Fv2%2Fcomments&post=1183"}],"version-history":[{"count":4,"href":"https:\/\/ags.ctfc.cat\/index.php?rest_route=\/wp\/v2\/posts\/1183\/revisions"}],"predecessor-version":[{"id":1190,"href":"https:\/\/ags.ctfc.cat\/index.php?rest_route=\/wp\/v2\/posts\/1183\/revisions\/1190"}],"wp:featuredmedia":[{"embeddable":true,"href":"https:\/\/ags.ctfc.cat\/index.php?rest_route=\/wp\/v2\/media\/1185"}],"wp:attachment":[{"href":"https:\/\/ags.ctfc.cat\/index.php?rest_route=%2Fwp%2Fv2%2Fmedia&parent=1183"}],"wp:term":[{"taxonomy":"category","embeddable":true,"href":"https:\/\/ags.ctfc.cat\/index.php?rest_route=%2Fwp%2Fv2%2Fcategories&post=1183"},{"taxonomy":"post_tag","embeddable":true,"href":"https:\/\/ags.ctfc.cat\/index.php?rest_route=%2Fwp%2Fv2%2Ftags&post=1183"}],"curies":[{"name":"wp","href":"https:\/\/api.w.org\/{rel}","templated":true}]}}