{"id":1007,"date":"2013-10-23T11:12:29","date_gmt":"2013-10-23T11:12:29","guid":{"rendered":"http:\/\/ags.ctfc.cat\/?p=1007"},"modified":"2013-10-23T17:07:45","modified_gmt":"2013-10-23T17:07:45","slug":"novembre-2013_jornada-actuacions-silvicoles-per-a-la-prevencio-de-grans-incendis-forestals","status":"publish","type":"post","link":"https:\/\/ags.ctfc.cat\/?p=1007","title":{"rendered":"Novembre 2013_Jornada: Actuacions silv\u00edcoles per a la prevenci\u00f3 de grans incendis forestals"},"content":{"rendered":"<p>Dijous, 7 de novembre de 2013, Baronia de Rialb.<\/p>\n<p><strong>Actuacions silv\u00edcoles per a la prevenci\u00f3 de grans incendis forestals: nous criteris<\/strong><\/p>\n<p>Gran part dels incendis forestals s\u00f3n gestionats eficientment pel sistema d\u2019extinci\u00f3 actual. Per\u00f2, uns pocs incendis, els Grans Incendis Forestals (GIF) sobrepassen la capacitat d\u2019extinci\u00f3 i afecten grans superf\u00edcies. Els GIF normalment s\u00f3n focs d\u2019alta intensitat que es propaguen amb alta velocitat per les cap\u00e7ades dels arbres. Aix\u00ed, l\u2019estructura del bosc \u00e9s determinant en el desenvolupament dels GIF.<\/p>\n<p>Els nous criteris per a les actuacions silv\u00edcoles de prevenci\u00f3 de GIF es centren a reduir la vulnerabilitat de l\u2019estructura del bosc per a dificultar el desenvolupament dels GIF. A m\u00e9s, es fa un \u00e8mfasi en la localitzaci\u00f3 estrat\u00e8gica d\u2019aquestes actuacions per a que resultin el m\u00e9s eficient possible.<\/p>\n<p><a title=\"Centre Tecnol\u00f2gic Forestal de Catalunya\" href=\"http:\/\/ags.ctfc.cat\/wp-content\/uploads\/Baronia-Rialb_prevencio-GIF_071113_222.pdf\" target=\"_blank\">M\u00e9s informaci\u00f3 aqu\u00ed.<\/a><\/p>\n","protected":false},"excerpt":{"rendered":"<p>Dijous, 7 de novembre de 2013, Baronia de Rialb. Actuacions silv\u00edcoles per a la prevenci\u00f3 de grans incendis forestals: nous criteris Gran part dels incendis forestals s\u00f3n gestionats eficientment pel sistema d\u2019extinci\u00f3 actual. Per\u00f2, uns pocs incendis, els Grans Incendis Forestals (GIF) sobrepassen la capacitat d\u2019extinci\u00f3 i afecten grans superf\u00edcies. Els GIF normalment s\u00f3n focs &#8230; <a title=\"Novembre 2013_Jornada: Actuacions silv\u00edcoles per a la prevenci\u00f3 de grans incendis forestals\" class=\"read-more\" href=\"https:\/\/ags.ctfc.cat\/?p=1007\" aria-label=\"M\u00e9s sobre Novembre 2013_Jornada: Actuacions silv\u00edcoles per a la prevenci\u00f3 de grans incendis forestals\">Llegiu m\u00e9s<\/a><\/p>\n","protected":false},"author":2,"featured_media":1010,"comment_status":"closed","ping_status":"closed","sticky":false,"template":"","format":"standard","meta":{"_mi_skip_tracking":false,"footnotes":""},"categories":[10],"tags":[],"class_list":["post-1007","post","type-post","status-publish","format-standard","has-post-thumbnail","hentry","category-courses"],"_links":{"self":[{"href":"https:\/\/ags.ctfc.cat\/index.php?rest_route=\/wp\/v2\/posts\/1007","targetHints":{"allow":["GET"]}}],"collection":[{"href":"https:\/\/ags.ctfc.cat\/index.php?rest_route=\/wp\/v2\/posts"}],"about":[{"href":"https:\/\/ags.ctfc.cat\/index.php?rest_route=\/wp\/v2\/types\/post"}],"author":[{"embeddable":true,"href":"https:\/\/ags.ctfc.cat\/index.php?rest_route=\/wp\/v2\/users\/2"}],"replies":[{"embeddable":true,"href":"https:\/\/ags.ctfc.cat\/index.php?rest_route=%2Fwp%2Fv2%2Fcomments&post=1007"}],"version-history":[{"count":4,"href":"https:\/\/ags.ctfc.cat\/index.php?rest_route=\/wp\/v2\/posts\/1007\/revisions"}],"predecessor-version":[{"id":1012,"href":"https:\/\/ags.ctfc.cat\/index.php?rest_route=\/wp\/v2\/posts\/1007\/revisions\/1012"}],"wp:featuredmedia":[{"embeddable":true,"href":"https:\/\/ags.ctfc.cat\/index.php?rest_route=\/wp\/v2\/media\/1010"}],"wp:attachment":[{"href":"https:\/\/ags.ctfc.cat\/index.php?rest_route=%2Fwp%2Fv2%2Fmedia&parent=1007"}],"wp:term":[{"taxonomy":"category","embeddable":true,"href":"https:\/\/ags.ctfc.cat\/index.php?rest_route=%2Fwp%2Fv2%2Fcategories&post=1007"},{"taxonomy":"post_tag","embeddable":true,"href":"https:\/\/ags.ctfc.cat\/index.php?rest_route=%2Fwp%2Fv2%2Ftags&post=1007"}],"curies":[{"name":"wp","href":"https:\/\/api.w.org\/{rel}","templated":true}]}}