{"id":1004,"date":"2013-10-23T11:06:38","date_gmt":"2013-10-23T11:06:38","guid":{"rendered":"http:\/\/ags.ctfc.cat\/?p=1004"},"modified":"2013-10-23T11:06:38","modified_gmt":"2013-10-23T11:06:38","slug":"setembre-2013_jornada-frondoses-nobles-en-un-marc-de-minima-gestio","status":"publish","type":"post","link":"https:\/\/ags.ctfc.cat\/?p=1004","title":{"rendered":"Setembre 2013_Jornada: Frondoses nobles en un marc de m\u00ednima gesti\u00f3"},"content":{"rendered":"<p>Dimecres, 25 de setmbre de 2013, Solsona.<\/p>\n<p><strong>Frondoses nobles en un marc de m\u00ednima gesti\u00f3: t\u00e8cniques contra la sequera i males herbes<\/strong><\/p>\n<p>Les plantacions de frondoses productores de fusta de qualitat s\u00f3n una alternativa molt interessant per a terrenys agr\u00edcoles o ramaders dif\u00edcilment mecanitzables i all\u00e0 on el propietari o gestor no vulgui fer una inversi\u00f3 cont\u00ednua de temps i recursos. Un repte d\u2019aquestes plantacions \u00e9s minimitzar la gesti\u00f3, especialment per tal d\u2019evitar l\u2019efecte negatiu de la sequera, la vegetaci\u00f3 competidora i la fauna. Es visitar\u00e0 una plantaci\u00f3 de noguera h\u00edbrida on s\u2019han assajat durant 2 anys diferents tipus de mulch (pl\u00e0stic, biopl\u00e0stic, estella forestal, estella de poda urbana) i 4 models diferents de protector individual (2 de tub i 2 de malla). Tamb\u00e9 es visitar\u00e0 una plantaci\u00f3 de noguera i cirerer de 12 anys<\/p>\n<p><a title=\"Centre Tecnol\u00f2gic Forestal de Catalunya\" href=\"http:\/\/ags.ctfc.cat\/wp-content\/uploads\/Solsona_frondoses-nobles_250913_221.pdf\" target=\"_blank\">M\u00e9s informaci\u00f3 aqu\u00ed.<\/a><\/p>\n","protected":false},"excerpt":{"rendered":"<p>Dimecres, 25 de setmbre de 2013, Solsona. Frondoses nobles en un marc de m\u00ednima gesti\u00f3: t\u00e8cniques contra la sequera i males herbes Les plantacions de frondoses productores de fusta de qualitat s\u00f3n una alternativa molt interessant per a terrenys agr\u00edcoles o ramaders dif\u00edcilment mecanitzables i all\u00e0 on el propietari o gestor no vulgui fer una &#8230; <a title=\"Setembre 2013_Jornada: Frondoses nobles en un marc de m\u00ednima gesti\u00f3\" class=\"read-more\" href=\"https:\/\/ags.ctfc.cat\/?p=1004\" aria-label=\"M\u00e9s sobre Setembre 2013_Jornada: Frondoses nobles en un marc de m\u00ednima gesti\u00f3\">Llegiu m\u00e9s<\/a><\/p>\n","protected":false},"author":2,"featured_media":0,"comment_status":"closed","ping_status":"closed","sticky":false,"template":"","format":"standard","meta":{"_mi_skip_tracking":false,"footnotes":""},"categories":[10],"tags":[],"class_list":["post-1004","post","type-post","status-publish","format-standard","hentry","category-courses"],"_links":{"self":[{"href":"https:\/\/ags.ctfc.cat\/index.php?rest_route=\/wp\/v2\/posts\/1004","targetHints":{"allow":["GET"]}}],"collection":[{"href":"https:\/\/ags.ctfc.cat\/index.php?rest_route=\/wp\/v2\/posts"}],"about":[{"href":"https:\/\/ags.ctfc.cat\/index.php?rest_route=\/wp\/v2\/types\/post"}],"author":[{"embeddable":true,"href":"https:\/\/ags.ctfc.cat\/index.php?rest_route=\/wp\/v2\/users\/2"}],"replies":[{"embeddable":true,"href":"https:\/\/ags.ctfc.cat\/index.php?rest_route=%2Fwp%2Fv2%2Fcomments&post=1004"}],"version-history":[{"count":1,"href":"https:\/\/ags.ctfc.cat\/index.php?rest_route=\/wp\/v2\/posts\/1004\/revisions"}],"predecessor-version":[{"id":1006,"href":"https:\/\/ags.ctfc.cat\/index.php?rest_route=\/wp\/v2\/posts\/1004\/revisions\/1006"}],"wp:attachment":[{"href":"https:\/\/ags.ctfc.cat\/index.php?rest_route=%2Fwp%2Fv2%2Fmedia&parent=1004"}],"wp:term":[{"taxonomy":"category","embeddable":true,"href":"https:\/\/ags.ctfc.cat\/index.php?rest_route=%2Fwp%2Fv2%2Fcategories&post=1004"},{"taxonomy":"post_tag","embeddable":true,"href":"https:\/\/ags.ctfc.cat\/index.php?rest_route=%2Fwp%2Fv2%2Ftags&post=1004"}],"curies":[{"name":"wp","href":"https:\/\/api.w.org\/{rel}","templated":true}]}}